{"id":7517,"date":"2019-05-07T02:47:58","date_gmt":"2019-05-07T02:47:58","guid":{"rendered":"https:\/\/maxifinca.com\/?p=7517"},"modified":"2019-05-07T02:47:58","modified_gmt":"2019-05-07T02:47:58","slug":"los-mercados-internacioanles-demandan-frutas-y-hortalizas-colombianas","status":"publish","type":"post","link":"https:\/\/maxifinca.com\/index.php\/2019\/05\/07\/los-mercados-internacioanles-demandan-frutas-y-hortalizas-colombianas\/","title":{"rendered":"Los mercados internacioanles demandan frutas y hortalizas Colombianas"},"content":{"rendered":"<p>Las frutas colombianas tienen cada vez m\u00e1s pedido en el exterior. Por lo menos as\u00ed se evidenci\u00f3 en MacFrut 2018, una de las ferias de frutas y hortalizas m\u00e1s importantes del mundo, que se realiz\u00f3 recientemente en Italia.<\/p>\n<p>Colombia participa en la Feria MacFrut con 25 productores de pi\u00f1a, frutas tropicales, aguacate, mango, lim\u00f3n tahit\u00ed, gulupa entre otros. En el pa\u00eds cada colombiano apenas consume 90,5 kilos al a\u00f1o, mientras que lo recomendado por la Organizaci\u00f3n Mundial de la Salud (OMS) es 146 kilos.<\/p>\n<p>Bogot\u00e1, 9 mayo de 2018. (@JuanGZuluaga. @MinAgricultura). Como saludables, nutritivas y de excelente sabor calific\u00f3 el Ministro de Agricultura y Desarrollo Rural, Juan Guillermo Zuluaga, a las frutas colombianas, las cuales est\u00e1n representando a Colombia en la Feria MacFrut, la cual se realiza desde hoy hasta el pr\u00f3ximo 11 de mayo.<\/p>\n<p><img loading=\"lazy\" decoding=\"async\" class=\" wp-image-7515 aligncenter\" src=\"https:\/\/maxifinca.com\/wp-content\/uploads\/2019\/05\/demanda_frutas_colombia-300x139.jpg\" alt=\"\" width=\"438\" height=\"203\" srcset=\"https:\/\/maxifinca.com\/wp-content\/uploads\/2019\/05\/demanda_frutas_colombia-300x139.jpg 300w, https:\/\/maxifinca.com\/wp-content\/uploads\/2019\/05\/demanda_frutas_colombia.jpg 600w\" sizes=\"auto, (max-width: 438px) 100vw, 438px\" \/><\/p>\n<p>En esta oportunidad Colombia es el pa\u00eds invitado y el jefe de la cartera agropecuaria sostuvo que &#8220;el mundo demanda frutas y hortalizas que Colombia tiene el potencial de vender a todo el mundo por su nutrici\u00f3n, salud y exquisito sabor (\u2026) el prop\u00f3sito de la participaci\u00f3n es demostrar que la oferta colombiana es de gran importancia para el mercado internacional y esperamos que se fortalezca cada vez m\u00e1s incrementando las exportaciones de frutas en un n\u00famero significativo&#8221;.<\/p>\n<p>Adem\u00e1s, el jefe de la cartera agropecuaria indic\u00f3 que la ida es aumentar el consumo per c\u00e1pita nacional de frutas y hortalizas. Y es que en el pa\u00eds cada colombiano apenas consume 90,5 kilos al a\u00f1o, mientras que lo recomendado por la Organizaci\u00f3n Mundial de la Salud (OMS) es 146 kilos.<\/p>\n<p>En la Feria, a la cual asistir\u00e1n 39.000 espectadores de todo el mundo en estos tres d\u00edas, estar\u00e1n 25 productores colombianos de pi\u00f1a, frutas tropicales, aguacate, mango, lim\u00f3n tahit\u00ed, gulupa entre otros.<\/p>\n<p>Durante la Feria se destaca la presencia de empresas y asociaciones de productores, que participan gracias a la alianza estrat\u00e9gica entre Ministerio de Agricultura y Desarrollo Rural, ProColombia, la Agencia de Desarrollo Rural (ADR) y la Corporaci\u00f3n Colombia Internacional (CCI), quien ha estado liderando desde Colombia la participaci\u00f3n y acompa\u00f1amiento de diferentes productores y empresarios.<\/p>\n<p>Adriana Senior, presidente de Corporaci\u00f3n Colombia Internacional (CCI) y organizadora de la participaci\u00f3n de Colombia en la Feria, coment\u00f3 que &#8220;en MacFrut se concretan\u00a0 negocios no solo para Italia sino todo Europa y Asia; ac\u00e1 los compradores no son observadores sino que ordenan vol\u00famenes con condiciones muy interesantes para la oferta Colombiana&#8221;.<\/p>\n<p>Finalmente, el Ministro Zuluaga reiter\u00f3 que para aprovechar los mercados internacionales, &#8220;el reto para Colombia es posicionar la oferta de frutas colombianas en destinos donde la demanda de banano, aguacate, pin\u0303a, mango, papaya, granadilla y frutas ex\u00f3ticas y secas es alta&#8221;. \u200b\u200b<\/p>\n<p>Fuente: <a href=\"https:\/\/www.minagricultura.gov.co\/noticias\/Paginas\/%E2%80%9CEl-mundo-demanda-frutas-y-hortalizas-que-Colombia-tiene-el-potencial-para-vender-a-todo-el-mundo%E2%80%9D.aspx\">Ministerio de Agricultura y Desarrollo Rural<\/a><\/p>\n","protected":false},"excerpt":{"rendered":"<p>Las frutas colombianas tienen cada vez m\u00e1s pedido en el exterior. Por lo menos as\u00ed se evidenci\u00f3 en MacFrut 2018, una de las ferias de frutas y hortalizas m\u00e1s importantes del mundo, que se realiz\u00f3 recientemente en Italia. Colombia participa &hellip; <\/p>\n","protected":false},"author":4,"featured_media":7516,"comment_status":"open","ping_status":"open","sticky":false,"template":"","format":"standard","meta":{"_bbp_topic_count":0,"_bbp_reply_count":0,"_bbp_total_topic_count":0,"_bbp_total_reply_count":0,"_bbp_voice_count":0,"_bbp_anonymous_reply_count":0,"_bbp_topic_count_hidden":0,"_bbp_reply_count_hidden":0,"_bbp_forum_subforum_count":0,"pmpro_default_level":"","footnotes":""},"categories":[804],"tags":[821,806,822,807,815,811,813,805],"class_list":["post-7517","post","type-post","status-publish","format-standard","has-post-thumbnail","hentry","category-maxinews","tag-asociaciones-campesinas","tag-calidad-exportacion","tag-exportacion-de-fruta","tag-exportaciones-colombianas","tag-exportadores-de-frutas","tag-maxifinca","tag-procolombia","tag-producto-colombiano","pmpro-has-access"],"_links":{"self":[{"href":"https:\/\/maxifinca.com\/index.php\/wp-json\/wp\/v2\/posts\/7517","targetHints":{"allow":["GET"]}}],"collection":[{"href":"https:\/\/maxifinca.com\/index.php\/wp-json\/wp\/v2\/posts"}],"about":[{"href":"https:\/\/maxifinca.com\/index.php\/wp-json\/wp\/v2\/types\/post"}],"author":[{"embeddable":true,"href":"https:\/\/maxifinca.com\/index.php\/wp-json\/wp\/v2\/users\/4"}],"replies":[{"embeddable":true,"href":"https:\/\/maxifinca.com\/index.php\/wp-json\/wp\/v2\/comments?post=7517"}],"version-history":[{"count":1,"href":"https:\/\/maxifinca.com\/index.php\/wp-json\/wp\/v2\/posts\/7517\/revisions"}],"predecessor-version":[{"id":7518,"href":"https:\/\/maxifinca.com\/index.php\/wp-json\/wp\/v2\/posts\/7517\/revisions\/7518"}],"wp:featuredmedia":[{"embeddable":true,"href":"https:\/\/maxifinca.com\/index.php\/wp-json\/wp\/v2\/media\/7516"}],"wp:attachment":[{"href":"https:\/\/maxifinca.com\/index.php\/wp-json\/wp\/v2\/media?parent=7517"}],"wp:term":[{"taxonomy":"category","embeddable":true,"href":"https:\/\/maxifinca.com\/index.php\/wp-json\/wp\/v2\/categories?post=7517"},{"taxonomy":"post_tag","embeddable":true,"href":"https:\/\/maxifinca.com\/index.php\/wp-json\/wp\/v2\/tags?post=7517"}],"curies":[{"name":"wp","href":"https:\/\/api.w.org\/{rel}","templated":true}]}}