{"id":7541,"date":"2019-05-28T23:24:20","date_gmt":"2019-05-28T23:24:20","guid":{"rendered":"https:\/\/maxifinca.com\/?p=7541"},"modified":"2019-06-03T23:28:31","modified_gmt":"2019-06-03T23:28:31","slug":"tour-de-la-fruta-en-colombia","status":"publish","type":"post","link":"https:\/\/maxifinca.com\/index.php\/2019\/05\/28\/tour-de-la-fruta-en-colombia\/","title":{"rendered":"Tour de la fruta en Colombia"},"content":{"rendered":"<p>Una iniciativa muy particular conquista el paladar de cientos de extranjeros que visitan Colombia. Se trata del Tour de la Fruta, un recorrido por una de las plazas de mercado m\u00e1s grandes y con mayor variedad de productos que pretende mostrar la diversidad agr\u00edcola, gastron\u00f3mica y cultural del pa\u00eds suramericano. <a class=\"yt-simple-endpoint style-scope yt-formatted-string\" spellcheck=\"false\" href=\"https:\/\/www.youtube.com\/results?search_query=%23CGTNenEspa%C3%B1ol\">#CGTNenEspa\u00f1ol<\/a><\/p>\n<div align=\"center\"><iframe loading=\"lazy\" src=\"https:\/\/www.youtube.com\/embed\/-0ZbZjYx4oM\" width=\"560\" height=\"315\" frameborder=\"0\" allowfullscreen=\"allowfullscreen\"><\/iframe><\/div>\n<p>Fuente:\u00a0<a class=\"yt-simple-endpoint style-scope yt-formatted-string\" spellcheck=\"false\" href=\"https:\/\/www.youtube.com\/channel\/UCd94YCD7yp6d-YZSRYWyeFA\">CGTN en Espa\u00f1ol<\/a><\/p>\n","protected":false},"excerpt":{"rendered":"<p>Una iniciativa muy particular conquista el paladar de cientos de extranjeros que visitan Colombia. Se trata del Tour de la Fruta, un recorrido por una de las plazas de mercado m\u00e1s grandes y con mayor variedad de productos que pretende &hellip; <\/p>\n","protected":false},"author":4,"featured_media":7540,"comment_status":"open","ping_status":"open","sticky":false,"template":"","format":"standard","meta":{"_bbp_topic_count":0,"_bbp_reply_count":0,"_bbp_total_topic_count":0,"_bbp_total_reply_count":0,"_bbp_voice_count":0,"_bbp_anonymous_reply_count":0,"_bbp_topic_count_hidden":0,"_bbp_reply_count_hidden":0,"_bbp_forum_subforum_count":0,"pmpro_default_level":"","footnotes":""},"categories":[804],"tags":[806,822,807,814,815,824,823,811,813,805],"class_list":["post-7541","post","type-post","status-publish","format-standard","has-post-thumbnail","hentry","category-maxinews","tag-calidad-exportacion","tag-exportacion-de-fruta","tag-exportaciones-colombianas","tag-exportadores-colombianos","tag-exportadores-de-frutas","tag-fruta-colombiana","tag-frutas-tropicales","tag-maxifinca","tag-procolombia","tag-producto-colombiano","pmpro-has-access"],"_links":{"self":[{"href":"https:\/\/maxifinca.com\/index.php\/wp-json\/wp\/v2\/posts\/7541","targetHints":{"allow":["GET"]}}],"collection":[{"href":"https:\/\/maxifinca.com\/index.php\/wp-json\/wp\/v2\/posts"}],"about":[{"href":"https:\/\/maxifinca.com\/index.php\/wp-json\/wp\/v2\/types\/post"}],"author":[{"embeddable":true,"href":"https:\/\/maxifinca.com\/index.php\/wp-json\/wp\/v2\/users\/4"}],"replies":[{"embeddable":true,"href":"https:\/\/maxifinca.com\/index.php\/wp-json\/wp\/v2\/comments?post=7541"}],"version-history":[{"count":1,"href":"https:\/\/maxifinca.com\/index.php\/wp-json\/wp\/v2\/posts\/7541\/revisions"}],"predecessor-version":[{"id":7542,"href":"https:\/\/maxifinca.com\/index.php\/wp-json\/wp\/v2\/posts\/7541\/revisions\/7542"}],"wp:featuredmedia":[{"embeddable":true,"href":"https:\/\/maxifinca.com\/index.php\/wp-json\/wp\/v2\/media\/7540"}],"wp:attachment":[{"href":"https:\/\/maxifinca.com\/index.php\/wp-json\/wp\/v2\/media?parent=7541"}],"wp:term":[{"taxonomy":"category","embeddable":true,"href":"https:\/\/maxifinca.com\/index.php\/wp-json\/wp\/v2\/categories?post=7541"},{"taxonomy":"post_tag","embeddable":true,"href":"https:\/\/maxifinca.com\/index.php\/wp-json\/wp\/v2\/tags?post=7541"}],"curies":[{"name":"wp","href":"https:\/\/api.w.org\/{rel}","templated":true}]}}