{"id":7549,"date":"2019-06-04T08:52:55","date_gmt":"2019-06-04T08:52:55","guid":{"rendered":"https:\/\/maxifinca.com\/?p=7549"},"modified":"2019-07-04T21:59:30","modified_gmt":"2019-07-04T21:59:30","slug":"las-frutas-del-valle-del-cauca-conquistan-a-colombia","status":"publish","type":"post","link":"https:\/\/maxifinca.com\/index.php\/2019\/06\/04\/las-frutas-del-valle-del-cauca-conquistan-a-colombia\/","title":{"rendered":"Las frutas del Valle del Cauca conquistan a Colombia"},"content":{"rendered":"<p><strong>El Ministerio de Agricultura reconoci\u00f3 el trabajo que en el departamento adelantan las asociaciones de campesinos agrupados en las llamadas cadenas que avanzan en el fortalecimiento de la producci\u00f3n de pi\u00f1a, c\u00edtricos y aguacate, productos que han venido creciendo en el mercado nacional e internacional.<\/strong><\/p>\n<p>Seg\u00fan cifras oficiales, en el departamento est\u00e1n formalizados 16 encadenamientos productivos que han servido para fortalecer la econom\u00eda de los medianos y peque\u00f1os agricultores.<\/p>\n<p>\u201cNos hemos propuesto que a trav\u00e9s de los encadenamientos nosotros podamos fortalecer toda la parte de comercializaci\u00f3n de lo que hacen nuestros peque\u00f1os y medianos productores en el campo\u201d, se\u00f1al\u00f3 Rubiela Gonz\u00e1lez, secretaria de Agricultura Departamental tras agregar que parte de los productos est\u00e1n siendo comercializados en tiendas de grandes superficies a nivel nacional e incluso algunos son exportados.<\/p>\n<p>Por su parte Oscar Bernal, director Nacional de Cadenas Agr\u00edcolas y Forestales del Ministerio de Agricultura dijo que el reconocimiento a las asociaciones de pi\u00f1a, c\u00edtricos y aguacate es un avance significativo para el gremio de la regi\u00f3n.<\/p>\n<p>\u201cEste esfuerzo vale la pena en t\u00e9rminos de conformar organizaciones que gestionen sus propios intereses, que a partir de una construcci\u00f3n colectiva, en los que participan todos los actores de la cadena, se pueda salir adelante con iniciativas con buen \u00e9xito y buen futuro\u201d precis\u00f3.<\/p>\n<p>Sandra Isabel Acosta, representante Legal de Corpo-Versalles dijo que como productores se busca siempre contar con una asistencia t\u00e9cnica permanente, ofrecidas por profesionales en el campo para poder de esta manera sacar buenas producciones y ser competitivos en el mercado local e internacional.<\/p>\n<p><span style=\"color: #993300;\"><strong>The fruits of Valle del Cauca conquer Colombia<\/strong><\/span><\/p>\n<p><span style=\"color: #993300;\"><strong>The Ministry of Agriculture recognized the work carried out in the department by peasant associations grouped together in the so-called chains that advance in the strengthening of pineapple, citrus and avocado production, products that have been growing in the national and international markets.<\/strong><\/span><\/p>\n<p><span style=\"color: #993300;\">According to official figures, the department has formalized 16 production chains that have served to strengthen the economy of medium and small farmers.<\/span><\/p>\n<p><span style=\"color: #993300;\">&#8220;We have proposed that through the chains we can strengthen all the marketing part of what our small and medium producers do in the field,&#8221; said Rubiela Gonzalez, Secretary of Departmental Agriculture after adding that part of the products are being marketed in large stores nationwide and even some are exported.<\/span><\/p>\n<p><span style=\"color: #993300;\">For his part Oscar Bernal, National Director of Agricultural and Forestry Chains of the Ministry of Agriculture said that the recognition of the associations of pineapple, citrus and avocado is a significant advance for the union of the region.<\/span><\/p>\n<p><span style=\"color: #993300;\">&#8220;This effort is worthwhile in terms of forming organizations that manage their own interests, that from a collective construction, in which all the actors of the chain participate, we can get ahead with initiatives with good success and a good future,&#8221; he said. .<\/span><\/p>\n<p><span style=\"color: #993300;\">Sandra Isabel Acosta, legal representative of Corpo-Versalles said that as producers it is always sought to have a permanent technical assistance, offered by professionals in the field to be able in this way to get good productions and be competitive in the local and international market.<\/span><\/p>\n<p>Fuente: Diario <a href=\"https:\/\/eltabloide.com.co\/el-departamento-lidera-la-produccion-nacional\/\">eltabloide.com.co<\/a><\/p>\n","protected":false},"excerpt":{"rendered":"<p>El Ministerio de Agricultura reconoci\u00f3 el trabajo que en el departamento adelantan las asociaciones de campesinos agrupados en las llamadas cadenas que avanzan en el fortalecimiento de la producci\u00f3n de pi\u00f1a, c\u00edtricos y aguacate, productos que han venido creciendo en &hellip; <\/p>\n","protected":false},"author":4,"featured_media":7548,"comment_status":"open","ping_status":"open","sticky":false,"template":"","format":"standard","meta":{"_bbp_topic_count":0,"_bbp_reply_count":0,"_bbp_total_topic_count":0,"_bbp_total_reply_count":0,"_bbp_voice_count":0,"_bbp_anonymous_reply_count":0,"_bbp_topic_count_hidden":0,"_bbp_reply_count_hidden":0,"_bbp_forum_subforum_count":0,"pmpro_default_level":"","footnotes":""},"categories":[804],"tags":[806,822,807,814,815,824,823,811,805],"class_list":["post-7549","post","type-post","status-publish","format-standard","has-post-thumbnail","hentry","category-maxinews","tag-calidad-exportacion","tag-exportacion-de-fruta","tag-exportaciones-colombianas","tag-exportadores-colombianos","tag-exportadores-de-frutas","tag-fruta-colombiana","tag-frutas-tropicales","tag-maxifinca","tag-producto-colombiano","pmpro-has-access"],"_links":{"self":[{"href":"https:\/\/maxifinca.com\/index.php\/wp-json\/wp\/v2\/posts\/7549","targetHints":{"allow":["GET"]}}],"collection":[{"href":"https:\/\/maxifinca.com\/index.php\/wp-json\/wp\/v2\/posts"}],"about":[{"href":"https:\/\/maxifinca.com\/index.php\/wp-json\/wp\/v2\/types\/post"}],"author":[{"embeddable":true,"href":"https:\/\/maxifinca.com\/index.php\/wp-json\/wp\/v2\/users\/4"}],"replies":[{"embeddable":true,"href":"https:\/\/maxifinca.com\/index.php\/wp-json\/wp\/v2\/comments?post=7549"}],"version-history":[{"count":1,"href":"https:\/\/maxifinca.com\/index.php\/wp-json\/wp\/v2\/posts\/7549\/revisions"}],"predecessor-version":[{"id":7550,"href":"https:\/\/maxifinca.com\/index.php\/wp-json\/wp\/v2\/posts\/7549\/revisions\/7550"}],"wp:featuredmedia":[{"embeddable":true,"href":"https:\/\/maxifinca.com\/index.php\/wp-json\/wp\/v2\/media\/7548"}],"wp:attachment":[{"href":"https:\/\/maxifinca.com\/index.php\/wp-json\/wp\/v2\/media?parent=7549"}],"wp:term":[{"taxonomy":"category","embeddable":true,"href":"https:\/\/maxifinca.com\/index.php\/wp-json\/wp\/v2\/categories?post=7549"},{"taxonomy":"post_tag","embeddable":true,"href":"https:\/\/maxifinca.com\/index.php\/wp-json\/wp\/v2\/tags?post=7549"}],"curies":[{"name":"wp","href":"https:\/\/api.w.org\/{rel}","templated":true}]}}