{"id":7739,"date":"2023-04-14T02:20:27","date_gmt":"2023-04-14T02:20:27","guid":{"rendered":"https:\/\/maxifinca.com\/?p=7739"},"modified":"2023-04-23T13:05:12","modified_gmt":"2023-04-23T13:05:12","slug":"expo-dubai-y-macrorueda-procolombia-en-dubai","status":"publish","type":"post","link":"https:\/\/maxifinca.com\/index.php\/2023\/04\/14\/expo-dubai-y-macrorueda-procolombia-en-dubai\/","title":{"rendered":"Expo-Dubai y macrorueda Procolombia en Dubai"},"content":{"rendered":"<p><img loading=\"lazy\" decoding=\"async\" class=\"aligncenter size-full wp-image-7747\" src=\"https:\/\/maxifinca.com\/wp-content\/uploads\/2023\/04\/ACTUALIZACION-2-IMAGEN-2.jpeg\" alt=\"\" width=\"768\" height=\"1024\" srcset=\"https:\/\/maxifinca.com\/wp-content\/uploads\/2023\/04\/ACTUALIZACION-2-IMAGEN-2.jpeg 768w, https:\/\/maxifinca.com\/wp-content\/uploads\/2023\/04\/ACTUALIZACION-2-IMAGEN-2-225x300.jpeg 225w, https:\/\/maxifinca.com\/wp-content\/uploads\/2023\/04\/ACTUALIZACION-2-IMAGEN-2-600x800.jpeg 600w\" sizes=\"auto, (max-width: 768px) 100vw, 768px\" \/><\/p>\n<p style=\"font-weight: 400;\"><strong>Maxifinca hizo parte de dos de los eventos mas importantes para el mercado mundial,\u00a0<\/strong>los cuales fomentan el aprovechamiento de los Tratados de Libre Comercio, diversificaci\u00f3n de mercados y de promoci\u00f3n de la oferta exportable de las empresas mundiales.<\/p>\n<p style=\"font-weight: 400;\">Cada pa\u00eds tuvo la oportunidad de contar con su propio pabell\u00f3n nacional, lugar que esta designado para realizar los muestrarios de sus producto, permiti\u00e9ndonos esto ampliar el rango de oferta de nuestros productos y ponernos en la mira de grandes compradores interesados en empezar a llevar a sus pa\u00edses la fruta colombiana.<\/p>\n<p><img loading=\"lazy\" decoding=\"async\" class=\"aligncenter size-full wp-image-7741\" src=\"https:\/\/maxifinca.com\/wp-content\/uploads\/2023\/04\/ACTUAL.-2-IMAGEN-3.jpeg\" alt=\"\" width=\"576\" height=\"1024\" srcset=\"https:\/\/maxifinca.com\/wp-content\/uploads\/2023\/04\/ACTUAL.-2-IMAGEN-3.jpeg 576w, https:\/\/maxifinca.com\/wp-content\/uploads\/2023\/04\/ACTUAL.-2-IMAGEN-3-169x300.jpeg 169w\" sizes=\"auto, (max-width: 576px) 100vw, 576px\" \/><\/p>\n<p><img loading=\"lazy\" decoding=\"async\" class=\"aligncenter size-full wp-image-7743\" src=\"https:\/\/maxifinca.com\/wp-content\/uploads\/2023\/04\/ACTUAL.-2-IMAGEN-4.jpeg\" alt=\"\" width=\"768\" height=\"1024\" srcset=\"https:\/\/maxifinca.com\/wp-content\/uploads\/2023\/04\/ACTUAL.-2-IMAGEN-4.jpeg 768w, https:\/\/maxifinca.com\/wp-content\/uploads\/2023\/04\/ACTUAL.-2-IMAGEN-4-225x300.jpeg 225w, https:\/\/maxifinca.com\/wp-content\/uploads\/2023\/04\/ACTUAL.-2-IMAGEN-4-600x800.jpeg 600w\" sizes=\"auto, (max-width: 768px) 100vw, 768px\" \/><\/p>\n<p>Esto es algo que impacta positivamente a toda la amplia gama de productores a los cuales Maxifinca representa, ya que Maxifinca esta llevando su nombre en alto y permiti\u00e9ndole que su producto tenga demanda internacional.<\/p>\n<p>Tuvimos la oportunidad de compartir con funcionarios Colombianos de gran importancia para la representaci\u00f3n de Colombia en otros pa\u00edses como lo es el Embajador de Colombia para los Emiratos \u00c1rabes el Dr. Jaime Am\u00edn Hern\u00e1ndez, quien tambi\u00e9n lo podemos recordar por ser quien recibi\u00f3 nuestro contenedor en Dub\u00e1i, ya que debido a la emergencia sanitaria COVID-19 no fue posible para nosotros viajar en ese momento.<\/p>\n<p><img loading=\"lazy\" decoding=\"async\" class=\"aligncenter size-full wp-image-7746\" src=\"https:\/\/maxifinca.com\/wp-content\/uploads\/2023\/04\/ACTUALIZACION-2-IMAGEN-1.jpeg\" alt=\"\" width=\"768\" height=\"1024\" srcset=\"https:\/\/maxifinca.com\/wp-content\/uploads\/2023\/04\/ACTUALIZACION-2-IMAGEN-1.jpeg 768w, https:\/\/maxifinca.com\/wp-content\/uploads\/2023\/04\/ACTUALIZACION-2-IMAGEN-1-225x300.jpeg 225w, https:\/\/maxifinca.com\/wp-content\/uploads\/2023\/04\/ACTUALIZACION-2-IMAGEN-1-600x800.jpeg 600w\" sizes=\"auto, (max-width: 768px) 100vw, 768px\" \/><\/p>\n<p style=\"font-weight: 400;\">La Macrorueda internacional reuni\u00f3 a mas de 300 empresarios del gremio Agro, entre otro y nos permiti\u00f3 aumentar nuestra visibilidad en el mercado internacional y poder tener m\u00faltiples acercamientos con compradores interesados en nuestros productos.<\/p>\n<p><img loading=\"lazy\" decoding=\"async\" class=\"aligncenter size-full wp-image-7740\" src=\"https:\/\/maxifinca.com\/wp-content\/uploads\/2023\/04\/ACTIAL.-2-IMAGEN-5.jpeg\" alt=\"\" width=\"1024\" height=\"768\" srcset=\"https:\/\/maxifinca.com\/wp-content\/uploads\/2023\/04\/ACTIAL.-2-IMAGEN-5.jpeg 1024w, https:\/\/maxifinca.com\/wp-content\/uploads\/2023\/04\/ACTIAL.-2-IMAGEN-5-300x225.jpeg 300w, https:\/\/maxifinca.com\/wp-content\/uploads\/2023\/04\/ACTIAL.-2-IMAGEN-5-768x576.jpeg 768w, https:\/\/maxifinca.com\/wp-content\/uploads\/2023\/04\/ACTIAL.-2-IMAGEN-5-600x450.jpeg 600w\" sizes=\"auto, (max-width: 1024px) 100vw, 1024px\" \/><\/p>\n<p><img loading=\"lazy\" decoding=\"async\" class=\"aligncenter size-full wp-image-7742\" src=\"https:\/\/maxifinca.com\/wp-content\/uploads\/2023\/04\/ACTUAL.-IMAGEN-6.jpeg\" alt=\"\" width=\"1024\" height=\"768\" srcset=\"https:\/\/maxifinca.com\/wp-content\/uploads\/2023\/04\/ACTUAL.-IMAGEN-6.jpeg 1024w, https:\/\/maxifinca.com\/wp-content\/uploads\/2023\/04\/ACTUAL.-IMAGEN-6-300x225.jpeg 300w, https:\/\/maxifinca.com\/wp-content\/uploads\/2023\/04\/ACTUAL.-IMAGEN-6-768x576.jpeg 768w, https:\/\/maxifinca.com\/wp-content\/uploads\/2023\/04\/ACTUAL.-IMAGEN-6-600x450.jpeg 600w\" sizes=\"auto, (max-width: 1024px) 100vw, 1024px\" \/><\/p>\n<p>Seg\u00fan datos del Departamento Administrativo Nacional de Estad\u00edstica (DANE) de Colombia, las exportaciones de frutas en Colombia han mostrado un crecimiento sostenido en los \u00faltimos a\u00f1os.\u00a0Maxi finca tuvo la oportunidad de reunirse con compradores de Francia, Espa\u00f1a, Rusia, Kenia y Emiratos \u00c1rabes Unidos.<\/p>\n<p><img loading=\"lazy\" decoding=\"async\" class=\"aligncenter size-full wp-image-7744\" src=\"https:\/\/maxifinca.com\/wp-content\/uploads\/2023\/04\/ACTUAL.-2-IMAGEN-7.jpeg\" alt=\"\" width=\"768\" height=\"1024\" srcset=\"https:\/\/maxifinca.com\/wp-content\/uploads\/2023\/04\/ACTUAL.-2-IMAGEN-7.jpeg 768w, https:\/\/maxifinca.com\/wp-content\/uploads\/2023\/04\/ACTUAL.-2-IMAGEN-7-225x300.jpeg 225w, https:\/\/maxifinca.com\/wp-content\/uploads\/2023\/04\/ACTUAL.-2-IMAGEN-7-600x800.jpeg 600w\" sizes=\"auto, (max-width: 768px) 100vw, 768px\" \/><\/p>\n<p style=\"font-weight: 400;\">En el a\u00f1o 2020, las exportaciones de frutas de Colombia alcanzaron un valor de 871 millones de d\u00f3lares, lo que representa un aumento del 7% respecto al a\u00f1o anterior. Los principales destinos de las exportaciones de frutas colombianas son Estados Unidos, Pa\u00edses Bajos, Reino Unido y Canad\u00e1.<\/p>\n<p style=\"font-weight: 400;\">Entre las frutas que m\u00e1s se exportan desde Colombia se encuentran el aguacate, el lim\u00f3n, la pi\u00f1a, la banana, la uva, la papaya, la mango y la guan\u00e1bana, entre otras.<\/p>\n<p style=\"font-weight: 400;\">Este crecimiento de las exportaciones de frutas se debe a varios factores, entre ellos el aumento de la demanda internacional de productos frescos y saludables, la mejora en la calidad de los productos y la implementaci\u00f3n de medidas para facilitar el comercio internacional, como los tratados de libre comercio.<\/p>\n<p style=\"font-weight: 400;\"><strong><u>EXPORTACION DE LIMON COLOMBIANO<\/u><\/strong><\/p>\n<p style=\"font-weight: 400;\">Es importante destacar que el lim\u00f3n es un producto importante en la agricultura colombiana, y las exportaciones de esta fruta han mostrado un crecimiento sostenido en los \u00faltimos a\u00f1os, gracias a la calidad y variedad de limones que se producen en el pa\u00eds.<\/p>\n<p style=\"font-weight: 400;\">Seg\u00fan el Departamento Administrativo Nacional de Estad\u00edstica (DANE) de Colombia, las exportaciones de limones frescos en el a\u00f1o 2021 alcanzaron los USD 29,7 millones, lo que representa un incremento del 25,9% con respecto al a\u00f1o anterior.<\/p>\n<p style=\"font-weight: 400;\">Los principales destinos de las exportaciones de lim\u00f3n colombiano en 2021 fueron Estados Unidos (con el 88% del total de las exportaciones), seguido por Pa\u00edses Bajos, Canad\u00e1 y Reino Unido, donde se valora su sabor fresco y su alto contenido de vitamina C. Tambi\u00e9n se ha incrementado la exportaci\u00f3n de lim\u00f3n colombiano a pa\u00edses de Asia y Oriente Medio en los \u00faltimos a\u00f1os.<\/p>\n<p style=\"font-weight: 400;\">Los departamentos de Colombia que lideraron la producci\u00f3n de lim\u00f3n en 2021 fueron Santander, Nari\u00f1o, Tolima, Antioquia y Valle del Cauca, aunque el cultivo de lim\u00f3n tambi\u00e9n se extiende a otros departamentos del pa\u00eds.<\/p>\n<p><b>&#8220;Maxifinca representa a los productores del agro del suroccidente de Colombia en la b\u00fasqueda de apertura de nuevos mercados para el Lim\u00f3n\u00a0Tahit\u00ed, uchuva, Aguacate Hass&#8221;<\/b><\/p>\n<p><img loading=\"lazy\" decoding=\"async\" class=\"aligncenter size-full wp-image-7745\" src=\"https:\/\/maxifinca.com\/wp-content\/uploads\/2023\/04\/ACTUAL.-2-IMAGEN-8.jpeg\" alt=\"\" width=\"768\" height=\"1024\" srcset=\"https:\/\/maxifinca.com\/wp-content\/uploads\/2023\/04\/ACTUAL.-2-IMAGEN-8.jpeg 768w, https:\/\/maxifinca.com\/wp-content\/uploads\/2023\/04\/ACTUAL.-2-IMAGEN-8-225x300.jpeg 225w, https:\/\/maxifinca.com\/wp-content\/uploads\/2023\/04\/ACTUAL.-2-IMAGEN-8-600x800.jpeg 600w\" sizes=\"auto, (max-width: 768px) 100vw, 768px\" \/><\/p>\n","protected":false},"excerpt":{"rendered":"<p>Maxifinca hizo parte de dos de los eventos mas importantes para el mercado mundial,\u00a0los cuales fomentan el aprovechamiento de los Tratados de Libre Comercio, diversificaci\u00f3n de mercados y de promoci\u00f3n de la oferta exportable de las empresas mundiales. Cada pa\u00eds &hellip; <\/p>\n","protected":false},"author":2,"featured_media":7540,"comment_status":"open","ping_status":"open","sticky":false,"template":"","format":"standard","meta":{"_bbp_topic_count":0,"_bbp_reply_count":0,"_bbp_total_topic_count":0,"_bbp_total_reply_count":0,"_bbp_voice_count":0,"_bbp_anonymous_reply_count":0,"_bbp_topic_count_hidden":0,"_bbp_reply_count_hidden":0,"_bbp_forum_subforum_count":0,"pmpro_default_level":"","footnotes":""},"categories":[804],"tags":[],"class_list":["post-7739","post","type-post","status-publish","format-standard","has-post-thumbnail","hentry","category-maxinews","pmpro-has-access"],"_links":{"self":[{"href":"https:\/\/maxifinca.com\/index.php\/wp-json\/wp\/v2\/posts\/7739","targetHints":{"allow":["GET"]}}],"collection":[{"href":"https:\/\/maxifinca.com\/index.php\/wp-json\/wp\/v2\/posts"}],"about":[{"href":"https:\/\/maxifinca.com\/index.php\/wp-json\/wp\/v2\/types\/post"}],"author":[{"embeddable":true,"href":"https:\/\/maxifinca.com\/index.php\/wp-json\/wp\/v2\/users\/2"}],"replies":[{"embeddable":true,"href":"https:\/\/maxifinca.com\/index.php\/wp-json\/wp\/v2\/comments?post=7739"}],"version-history":[{"count":5,"href":"https:\/\/maxifinca.com\/index.php\/wp-json\/wp\/v2\/posts\/7739\/revisions"}],"predecessor-version":[{"id":7752,"href":"https:\/\/maxifinca.com\/index.php\/wp-json\/wp\/v2\/posts\/7739\/revisions\/7752"}],"wp:featuredmedia":[{"embeddable":true,"href":"https:\/\/maxifinca.com\/index.php\/wp-json\/wp\/v2\/media\/7540"}],"wp:attachment":[{"href":"https:\/\/maxifinca.com\/index.php\/wp-json\/wp\/v2\/media?parent=7739"}],"wp:term":[{"taxonomy":"category","embeddable":true,"href":"https:\/\/maxifinca.com\/index.php\/wp-json\/wp\/v2\/categories?post=7739"},{"taxonomy":"post_tag","embeddable":true,"href":"https:\/\/maxifinca.com\/index.php\/wp-json\/wp\/v2\/tags?post=7739"}],"curies":[{"name":"wp","href":"https:\/\/api.w.org\/{rel}","templated":true}]}}